{"id":44074,"date":"2020-01-20T15:58:00","date_gmt":"2020-01-20T15:58:00","guid":{"rendered":"https:\/\/www.kolshearith.org\/2020\/01\/rabbi-alto-terron-tragedy-warns-of-fundamentalism.html"},"modified":"2025-07-24T21:43:36","modified_gmt":"2025-07-24T21:43:36","slug":"rabbi-alto-terron-tragedy-warns-of-fundamentalism","status":"publish","type":"post","link":"https:\/\/www.kolshearith.org\/en\/2020\/01\/rabbi-alto-terron-tragedy-warns-of-fundamentalism.html","title":{"rendered":"Rabbi: Alto Terron tragedy warns of fundamentalism"},"content":{"rendered":"\n<p>Rabbi Gustavo Kraselnik, of the Kol Shearith Israel Congregation, pointed out that the tragedy that occurred in the community of El Terr\u00f3n in the Ng\u00e4be Bugl\u00e9 region shows the dangers of religious fundamentalism.<\/p>\n\n<p><a href=\"https:\/\/www.critica.com.pa\/nacional\/rabino-tragedia-de-alto-terron-alerta-sobre-el-fundamentalismo-570485\">https:\/\/www.critica.com.pa\/nacional\/rabino-tragedia-de-alto-terron-alerta-sobre-el-fundamentalismo-570485<\/a><\/p>\n","protected":false},"excerpt":{"rendered":"<p>Rabbi Gustavo Kraselnik, of the Kol Shearith Israel Congregation, pointed out that the tragedy that occurred in the community of El Terr\u00f3n in the Ng\u00e4be Bugl\u00e9 region shows the dangers of religious fundamentalism. https:\/\/www.critica.com.pa\/nacional\/rabino-tragedia-de-alto-terron-alerta-sobre-el-fundamentalismo-570485<\/p>\n","protected":false},"author":1,"featured_media":32651,"comment_status":"closed","ping_status":"closed","sticky":false,"template":"","format":"standard","meta":{"_eb_attr":"","_uag_custom_page_level_css":"","footnotes":""},"categories":[430],"tags":[420],"class_list":["post-44074","post","type-post","status-publish","format-standard","has-post-thumbnail","hentry","category-ksi-in-the-media","tag-interfaith-relations"],"yoast_head":"<!-- This site is optimized with the Yoast SEO plugin v27.5 - https:\/\/yoast.com\/product\/yoast-seo-wordpress\/ -->\n<title>Rabbi: Alto Terron tragedy warns of fundamentalism - Congregaci\u00f3n Kol Shearith Israel<\/title>\n<meta name=\"robots\" content=\"index, follow, max-snippet:-1, max-image-preview:large, max-video-preview:-1\" \/>\n<link rel=\"canonical\" href=\"https:\/\/www.kolshearith.org\/en\/2020\/01\/rabbi-alto-terron-tragedy-warns-of-fundamentalism.html\" \/>\n<meta property=\"og:locale\" content=\"en_US\" \/>\n<meta property=\"og:type\" content=\"article\" \/>\n<meta property=\"og:title\" content=\"Rabbi: Alto Terron tragedy warns of fundamentalism - Congregaci\u00f3n Kol Shearith Israel\" \/>\n<meta property=\"og:description\" content=\"Rabbi Gustavo Kraselnik, of the Kol Shearith Israel Congregation, pointed out that the tragedy that occurred in the community of El Terr\u00f3n in the Ng\u00e4be Bugl\u00e9 region shows the dangers of religious fundamentalism. https:\/\/www.critica.com.pa\/nacional\/rabino-tragedia-de-alto-terron-alerta-sobre-el-fundamentalismo-570485\" \/>\n<meta property=\"og:url\" content=\"https:\/\/www.kolshearith.org\/en\/2020\/01\/rabbi-alto-terron-tragedy-warns-of-fundamentalism.html\" \/>\n<meta property=\"og:site_name\" content=\"Congregaci\u00f3n Kol Shearith Israel\" \/>\n<meta property=\"article:published_time\" content=\"2020-01-20T15:58:00+00:00\" \/>\n<meta property=\"article:modified_time\" content=\"2025-07-24T21:43:36+00:00\" \/>\n<meta property=\"og:image\" content=\"https:\/\/www.kolshearith.org\/wp-content\/uploads\/2021\/12\/Rabino-tragedia-de-Alto-Terron-alerta-sobre-el-fundamentalismo.png\" \/>\n\t<meta property=\"og:image:width\" content=\"1600\" \/>\n\t<meta property=\"og:image:height\" content=\"900\" \/>\n\t<meta property=\"og:image:type\" content=\"image\/png\" \/>\n<meta name=\"author\" content=\"Kol Shearith Israel\" \/>\n<meta name=\"twitter:card\" content=\"summary_large_image\" \/>\n<meta name=\"twitter:label1\" content=\"Written by\" \/>\n\t<meta name=\"twitter:data1\" content=\"Kol Shearith Israel\" \/>\n<script type=\"application\/ld+json\" class=\"yoast-schema-graph\">{\"@context\":\"https:\\\/\\\/schema.org\",\"@graph\":[{\"@type\":\"Article\",\"@id\":\"https:\\\/\\\/www.kolshearith.org\\\/en\\\/2020\\\/01\\\/rabbi-alto-terron-tragedy-warns-of-fundamentalism.html#article\",\"isPartOf\":{\"@id\":\"https:\\\/\\\/www.kolshearith.org\\\/en\\\/2020\\\/01\\\/rabbi-alto-terron-tragedy-warns-of-fundamentalism.html\"},\"author\":{\"name\":\"Kol Shearith Israel\",\"@id\":\"https:\\\/\\\/www.kolshearith.org\\\/en#\\\/schema\\\/person\\\/8909b4aa8d1c7604303ddd5eea916efc\"},\"headline\":\"Rabbi: Alto Terron tragedy warns of fundamentalism\",\"datePublished\":\"2020-01-20T15:58:00+00:00\",\"dateModified\":\"2025-07-24T21:43:36+00:00\",\"mainEntityOfPage\":{\"@id\":\"https:\\\/\\\/www.kolshearith.org\\\/en\\\/2020\\\/01\\\/rabbi-alto-terron-tragedy-warns-of-fundamentalism.html\"},\"wordCount\":49,\"publisher\":{\"@id\":\"https:\\\/\\\/www.kolshearith.org\\\/en#organization\"},\"image\":{\"@id\":\"https:\\\/\\\/www.kolshearith.org\\\/en\\\/2020\\\/01\\\/rabbi-alto-terron-tragedy-warns-of-fundamentalism.html#primaryimage\"},\"thumbnailUrl\":\"https:\\\/\\\/www.kolshearith.org\\\/wp-content\\\/uploads\\\/2021\\\/12\\\/Rabino-tragedia-de-Alto-Terron-alerta-sobre-el-fundamentalismo.png\",\"keywords\":[\"Interfaith relations\"],\"articleSection\":[\"KSI in the media\"],\"inLanguage\":\"en-US\"},{\"@type\":\"WebPage\",\"@id\":\"https:\\\/\\\/www.kolshearith.org\\\/en\\\/2020\\\/01\\\/rabbi-alto-terron-tragedy-warns-of-fundamentalism.html\",\"url\":\"https:\\\/\\\/www.kolshearith.org\\\/en\\\/2020\\\/01\\\/rabbi-alto-terron-tragedy-warns-of-fundamentalism.html\",\"name\":\"Rabbi: Alto Terron tragedy warns of fundamentalism - Congregaci\u00f3n Kol Shearith Israel\",\"isPartOf\":{\"@id\":\"https:\\\/\\\/www.kolshearith.org\\\/en#website\"},\"primaryImageOfPage\":{\"@id\":\"https:\\\/\\\/www.kolshearith.org\\\/en\\\/2020\\\/01\\\/rabbi-alto-terron-tragedy-warns-of-fundamentalism.html#primaryimage\"},\"image\":{\"@id\":\"https:\\\/\\\/www.kolshearith.org\\\/en\\\/2020\\\/01\\\/rabbi-alto-terron-tragedy-warns-of-fundamentalism.html#primaryimage\"},\"thumbnailUrl\":\"https:\\\/\\\/www.kolshearith.org\\\/wp-content\\\/uploads\\\/2021\\\/12\\\/Rabino-tragedia-de-Alto-Terron-alerta-sobre-el-fundamentalismo.png\",\"datePublished\":\"2020-01-20T15:58:00+00:00\",\"dateModified\":\"2025-07-24T21:43:36+00:00\",\"breadcrumb\":{\"@id\":\"https:\\\/\\\/www.kolshearith.org\\\/en\\\/2020\\\/01\\\/rabbi-alto-terron-tragedy-warns-of-fundamentalism.html#breadcrumb\"},\"inLanguage\":\"en-US\",\"potentialAction\":[{\"@type\":\"ReadAction\",\"target\":[\"https:\\\/\\\/www.kolshearith.org\\\/en\\\/2020\\\/01\\\/rabbi-alto-terron-tragedy-warns-of-fundamentalism.html\"]}]},{\"@type\":\"ImageObject\",\"inLanguage\":\"en-US\",\"@id\":\"https:\\\/\\\/www.kolshearith.org\\\/en\\\/2020\\\/01\\\/rabbi-alto-terron-tragedy-warns-of-fundamentalism.html#primaryimage\",\"url\":\"https:\\\/\\\/www.kolshearith.org\\\/wp-content\\\/uploads\\\/2021\\\/12\\\/Rabino-tragedia-de-Alto-Terron-alerta-sobre-el-fundamentalismo.png\",\"contentUrl\":\"https:\\\/\\\/www.kolshearith.org\\\/wp-content\\\/uploads\\\/2021\\\/12\\\/Rabino-tragedia-de-Alto-Terron-alerta-sobre-el-fundamentalismo.png\",\"width\":1600,\"height\":900},{\"@type\":\"BreadcrumbList\",\"@id\":\"https:\\\/\\\/www.kolshearith.org\\\/en\\\/2020\\\/01\\\/rabbi-alto-terron-tragedy-warns-of-fundamentalism.html#breadcrumb\",\"itemListElement\":[{\"@type\":\"ListItem\",\"position\":1,\"name\":\"Home\",\"item\":\"https:\\\/\\\/www.kolshearith.org\\\/en?page_id=43739\"},{\"@type\":\"ListItem\",\"position\":2,\"name\":\"Rabbi: Alto Terron tragedy warns of fundamentalism\"}]},{\"@type\":\"WebSite\",\"@id\":\"https:\\\/\\\/www.kolshearith.org\\\/en#website\",\"url\":\"https:\\\/\\\/www.kolshearith.org\\\/en\",\"name\":\"Congregaci\u00f3n Kol Shearith Israel\",\"description\":\"Congregaci\u00f3n Kol Shearith Israel\",\"publisher\":{\"@id\":\"https:\\\/\\\/www.kolshearith.org\\\/en#organization\"},\"potentialAction\":[{\"@type\":\"SearchAction\",\"target\":{\"@type\":\"EntryPoint\",\"urlTemplate\":\"https:\\\/\\\/www.kolshearith.org\\\/en?s={search_term_string}\"},\"query-input\":{\"@type\":\"PropertyValueSpecification\",\"valueRequired\":true,\"valueName\":\"search_term_string\"}}],\"inLanguage\":\"en-US\"},{\"@type\":\"Organization\",\"@id\":\"https:\\\/\\\/www.kolshearith.org\\\/en#organization\",\"name\":\"Congregaci\u00f3n Kol Shearith Israel\",\"url\":\"https:\\\/\\\/www.kolshearith.org\\\/en\",\"logo\":{\"@type\":\"ImageObject\",\"inLanguage\":\"en-US\",\"@id\":\"https:\\\/\\\/www.kolshearith.org\\\/en#\\\/schema\\\/logo\\\/image\\\/\",\"url\":\"https:\\\/\\\/www.kolshearith.org\\\/wp-content\\\/uploads\\\/2021\\\/03\\\/logo-Kol-Shearith-color-scaled.jpg\",\"contentUrl\":\"https:\\\/\\\/www.kolshearith.org\\\/wp-content\\\/uploads\\\/2021\\\/03\\\/logo-Kol-Shearith-color-scaled.jpg\",\"width\":1620,\"height\":2560,\"caption\":\"Congregaci\u00f3n Kol Shearith Israel\"},\"image\":{\"@id\":\"https:\\\/\\\/www.kolshearith.org\\\/en#\\\/schema\\\/logo\\\/image\\\/\"}},{\"@type\":\"Person\",\"@id\":\"https:\\\/\\\/www.kolshearith.org\\\/en#\\\/schema\\\/person\\\/8909b4aa8d1c7604303ddd5eea916efc\",\"name\":\"Kol Shearith Israel\",\"image\":{\"@type\":\"ImageObject\",\"inLanguage\":\"en-US\",\"@id\":\"https:\\\/\\\/secure.gravatar.com\\\/avatar\\\/8795b0f0a1325166a860580c7d572cd38f12b57d0e3690caf3ee8564dba4931f?s=96&d=mm&r=g\",\"url\":\"https:\\\/\\\/secure.gravatar.com\\\/avatar\\\/8795b0f0a1325166a860580c7d572cd38f12b57d0e3690caf3ee8564dba4931f?s=96&d=mm&r=g\",\"contentUrl\":\"https:\\\/\\\/secure.gravatar.com\\\/avatar\\\/8795b0f0a1325166a860580c7d572cd38f12b57d0e3690caf3ee8564dba4931f?s=96&d=mm&r=g\",\"caption\":\"Kol Shearith Israel\"},\"sameAs\":[\"http:\\\/\\\/www.kolshearith.org\"],\"url\":\"https:\\\/\\\/www.kolshearith.org\\\/en\\\/author\\\/ksi_web_kol\"}]}<\/script>\n<!-- \/ Yoast SEO plugin. -->","yoast_head_json":{"title":"Rabbi: Alto Terron tragedy warns of fundamentalism - Congregaci\u00f3n Kol Shearith Israel","robots":{"index":"index","follow":"follow","max-snippet":"max-snippet:-1","max-image-preview":"max-image-preview:large","max-video-preview":"max-video-preview:-1"},"canonical":"https:\/\/www.kolshearith.org\/en\/2020\/01\/rabbi-alto-terron-tragedy-warns-of-fundamentalism.html","og_locale":"en_US","og_type":"article","og_title":"Rabbi: Alto Terron tragedy warns of fundamentalism - Congregaci\u00f3n Kol Shearith Israel","og_description":"Rabbi Gustavo Kraselnik, of the Kol Shearith Israel Congregation, pointed out that the tragedy that occurred in the community of El Terr\u00f3n in the Ng\u00e4be Bugl\u00e9 region shows the dangers of religious fundamentalism. https:\/\/www.critica.com.pa\/nacional\/rabino-tragedia-de-alto-terron-alerta-sobre-el-fundamentalismo-570485","og_url":"https:\/\/www.kolshearith.org\/en\/2020\/01\/rabbi-alto-terron-tragedy-warns-of-fundamentalism.html","og_site_name":"Congregaci\u00f3n Kol Shearith Israel","article_published_time":"2020-01-20T15:58:00+00:00","article_modified_time":"2025-07-24T21:43:36+00:00","og_image":[{"width":1600,"height":900,"url":"https:\/\/www.kolshearith.org\/wp-content\/uploads\/2021\/12\/Rabino-tragedia-de-Alto-Terron-alerta-sobre-el-fundamentalismo.png","type":"image\/png"}],"author":"Kol Shearith Israel","twitter_card":"summary_large_image","twitter_misc":{"Written by":"Kol Shearith Israel"},"schema":{"@context":"https:\/\/schema.org","@graph":[{"@type":"Article","@id":"https:\/\/www.kolshearith.org\/en\/2020\/01\/rabbi-alto-terron-tragedy-warns-of-fundamentalism.html#article","isPartOf":{"@id":"https:\/\/www.kolshearith.org\/en\/2020\/01\/rabbi-alto-terron-tragedy-warns-of-fundamentalism.html"},"author":{"name":"Kol Shearith Israel","@id":"https:\/\/www.kolshearith.org\/en#\/schema\/person\/8909b4aa8d1c7604303ddd5eea916efc"},"headline":"Rabbi: Alto Terron tragedy warns of fundamentalism","datePublished":"2020-01-20T15:58:00+00:00","dateModified":"2025-07-24T21:43:36+00:00","mainEntityOfPage":{"@id":"https:\/\/www.kolshearith.org\/en\/2020\/01\/rabbi-alto-terron-tragedy-warns-of-fundamentalism.html"},"wordCount":49,"publisher":{"@id":"https:\/\/www.kolshearith.org\/en#organization"},"image":{"@id":"https:\/\/www.kolshearith.org\/en\/2020\/01\/rabbi-alto-terron-tragedy-warns-of-fundamentalism.html#primaryimage"},"thumbnailUrl":"https:\/\/www.kolshearith.org\/wp-content\/uploads\/2021\/12\/Rabino-tragedia-de-Alto-Terron-alerta-sobre-el-fundamentalismo.png","keywords":["Interfaith relations"],"articleSection":["KSI in the media"],"inLanguage":"en-US"},{"@type":"WebPage","@id":"https:\/\/www.kolshearith.org\/en\/2020\/01\/rabbi-alto-terron-tragedy-warns-of-fundamentalism.html","url":"https:\/\/www.kolshearith.org\/en\/2020\/01\/rabbi-alto-terron-tragedy-warns-of-fundamentalism.html","name":"Rabbi: Alto Terron tragedy warns of fundamentalism - Congregaci\u00f3n Kol Shearith Israel","isPartOf":{"@id":"https:\/\/www.kolshearith.org\/en#website"},"primaryImageOfPage":{"@id":"https:\/\/www.kolshearith.org\/en\/2020\/01\/rabbi-alto-terron-tragedy-warns-of-fundamentalism.html#primaryimage"},"image":{"@id":"https:\/\/www.kolshearith.org\/en\/2020\/01\/rabbi-alto-terron-tragedy-warns-of-fundamentalism.html#primaryimage"},"thumbnailUrl":"https:\/\/www.kolshearith.org\/wp-content\/uploads\/2021\/12\/Rabino-tragedia-de-Alto-Terron-alerta-sobre-el-fundamentalismo.png","datePublished":"2020-01-20T15:58:00+00:00","dateModified":"2025-07-24T21:43:36+00:00","breadcrumb":{"@id":"https:\/\/www.kolshearith.org\/en\/2020\/01\/rabbi-alto-terron-tragedy-warns-of-fundamentalism.html#breadcrumb"},"inLanguage":"en-US","potentialAction":[{"@type":"ReadAction","target":["https:\/\/www.kolshearith.org\/en\/2020\/01\/rabbi-alto-terron-tragedy-warns-of-fundamentalism.html"]}]},{"@type":"ImageObject","inLanguage":"en-US","@id":"https:\/\/www.kolshearith.org\/en\/2020\/01\/rabbi-alto-terron-tragedy-warns-of-fundamentalism.html#primaryimage","url":"https:\/\/www.kolshearith.org\/wp-content\/uploads\/2021\/12\/Rabino-tragedia-de-Alto-Terron-alerta-sobre-el-fundamentalismo.png","contentUrl":"https:\/\/www.kolshearith.org\/wp-content\/uploads\/2021\/12\/Rabino-tragedia-de-Alto-Terron-alerta-sobre-el-fundamentalismo.png","width":1600,"height":900},{"@type":"BreadcrumbList","@id":"https:\/\/www.kolshearith.org\/en\/2020\/01\/rabbi-alto-terron-tragedy-warns-of-fundamentalism.html#breadcrumb","itemListElement":[{"@type":"ListItem","position":1,"name":"Home","item":"https:\/\/www.kolshearith.org\/en?page_id=43739"},{"@type":"ListItem","position":2,"name":"Rabbi: Alto Terron tragedy warns of fundamentalism"}]},{"@type":"WebSite","@id":"https:\/\/www.kolshearith.org\/en#website","url":"https:\/\/www.kolshearith.org\/en","name":"Congregaci\u00f3n Kol Shearith Israel","description":"Congregaci\u00f3n Kol Shearith Israel","publisher":{"@id":"https:\/\/www.kolshearith.org\/en#organization"},"potentialAction":[{"@type":"SearchAction","target":{"@type":"EntryPoint","urlTemplate":"https:\/\/www.kolshearith.org\/en?s={search_term_string}"},"query-input":{"@type":"PropertyValueSpecification","valueRequired":true,"valueName":"search_term_string"}}],"inLanguage":"en-US"},{"@type":"Organization","@id":"https:\/\/www.kolshearith.org\/en#organization","name":"Congregaci\u00f3n Kol Shearith Israel","url":"https:\/\/www.kolshearith.org\/en","logo":{"@type":"ImageObject","inLanguage":"en-US","@id":"https:\/\/www.kolshearith.org\/en#\/schema\/logo\/image\/","url":"https:\/\/www.kolshearith.org\/wp-content\/uploads\/2021\/03\/logo-Kol-Shearith-color-scaled.jpg","contentUrl":"https:\/\/www.kolshearith.org\/wp-content\/uploads\/2021\/03\/logo-Kol-Shearith-color-scaled.jpg","width":1620,"height":2560,"caption":"Congregaci\u00f3n Kol Shearith Israel"},"image":{"@id":"https:\/\/www.kolshearith.org\/en#\/schema\/logo\/image\/"}},{"@type":"Person","@id":"https:\/\/www.kolshearith.org\/en#\/schema\/person\/8909b4aa8d1c7604303ddd5eea916efc","name":"Kol Shearith Israel","image":{"@type":"ImageObject","inLanguage":"en-US","@id":"https:\/\/secure.gravatar.com\/avatar\/8795b0f0a1325166a860580c7d572cd38f12b57d0e3690caf3ee8564dba4931f?s=96&d=mm&r=g","url":"https:\/\/secure.gravatar.com\/avatar\/8795b0f0a1325166a860580c7d572cd38f12b57d0e3690caf3ee8564dba4931f?s=96&d=mm&r=g","contentUrl":"https:\/\/secure.gravatar.com\/avatar\/8795b0f0a1325166a860580c7d572cd38f12b57d0e3690caf3ee8564dba4931f?s=96&d=mm&r=g","caption":"Kol Shearith Israel"},"sameAs":["http:\/\/www.kolshearith.org"],"url":"https:\/\/www.kolshearith.org\/en\/author\/ksi_web_kol"}]}},"uagb_featured_image_src":{"full":["https:\/\/www.kolshearith.org\/wp-content\/uploads\/2021\/12\/Rabino-tragedia-de-Alto-Terron-alerta-sobre-el-fundamentalismo.png",1600,900,false],"thumbnail":["https:\/\/www.kolshearith.org\/wp-content\/uploads\/2021\/12\/Rabino-tragedia-de-Alto-Terron-alerta-sobre-el-fundamentalismo-150x150.png",150,150,true],"medium":["https:\/\/www.kolshearith.org\/wp-content\/uploads\/2021\/12\/Rabino-tragedia-de-Alto-Terron-alerta-sobre-el-fundamentalismo-300x169.png",300,169,true],"medium_large":["https:\/\/www.kolshearith.org\/wp-content\/uploads\/2021\/12\/Rabino-tragedia-de-Alto-Terron-alerta-sobre-el-fundamentalismo-768x432.png",768,432,true],"large":["https:\/\/www.kolshearith.org\/wp-content\/uploads\/2021\/12\/Rabino-tragedia-de-Alto-Terron-alerta-sobre-el-fundamentalismo-1024x576.png",1024,576,true],"1536x1536":["https:\/\/www.kolshearith.org\/wp-content\/uploads\/2021\/12\/Rabino-tragedia-de-Alto-Terron-alerta-sobre-el-fundamentalismo-1536x864.png",1536,864,true],"2048x2048":["https:\/\/www.kolshearith.org\/wp-content\/uploads\/2021\/12\/Rabino-tragedia-de-Alto-Terron-alerta-sobre-el-fundamentalismo.png",1600,900,false]},"uagb_author_info":{"display_name":"Kol Shearith Israel","author_link":"https:\/\/www.kolshearith.org\/en\/author\/ksi_web_kol"},"uagb_comment_info":0,"uagb_excerpt":"Rabbi Gustavo Kraselnik, of the Kol Shearith Israel Congregation, pointed out that the tragedy that occurred in the community of El Terr\u00f3n in the Ng\u00e4be Bugl\u00e9 region shows the dangers of religious fundamentalism. https:\/\/www.critica.com.pa\/nacional\/rabino-tragedia-de-alto-terron-alerta-sobre-el-fundamentalismo-570485","_links":{"self":[{"href":"https:\/\/www.kolshearith.org\/en\/wp-json\/wp\/v2\/posts\/44074","targetHints":{"allow":["GET"]}}],"collection":[{"href":"https:\/\/www.kolshearith.org\/en\/wp-json\/wp\/v2\/posts"}],"about":[{"href":"https:\/\/www.kolshearith.org\/en\/wp-json\/wp\/v2\/types\/post"}],"author":[{"embeddable":true,"href":"https:\/\/www.kolshearith.org\/en\/wp-json\/wp\/v2\/users\/1"}],"replies":[{"embeddable":true,"href":"https:\/\/www.kolshearith.org\/en\/wp-json\/wp\/v2\/comments?post=44074"}],"version-history":[{"count":0,"href":"https:\/\/www.kolshearith.org\/en\/wp-json\/wp\/v2\/posts\/44074\/revisions"}],"wp:featuredmedia":[{"embeddable":true,"href":"https:\/\/www.kolshearith.org\/en\/wp-json\/wp\/v2\/media\/32651"}],"wp:attachment":[{"href":"https:\/\/www.kolshearith.org\/en\/wp-json\/wp\/v2\/media?parent=44074"}],"wp:term":[{"taxonomy":"category","embeddable":true,"href":"https:\/\/www.kolshearith.org\/en\/wp-json\/wp\/v2\/categories?post=44074"},{"taxonomy":"post_tag","embeddable":true,"href":"https:\/\/www.kolshearith.org\/en\/wp-json\/wp\/v2\/tags?post=44074"}],"curies":[{"name":"wp","href":"https:\/\/api.w.org\/{rel}","templated":true}]}}